{"id":2369,"date":"2022-11-03T15:52:30","date_gmt":"2022-11-03T14:52:30","guid":{"rendered":"https:\/\/fferrer.com\/2022\/11\/03\/presentacio-campanya-nadal-22-23\/"},"modified":"2023-12-20T14:16:17","modified_gmt":"2023-12-20T13:16:17","slug":"presentacio-campanya-nadal-22-23","status":"publish","type":"post","link":"https:\/\/fferrer.com\/ca\/2022\/11\/03\/presentacio-campanya-nadal-22-23\/","title":{"rendered":"Presentaci\u00f3 de la campanya de Nadal 22\/23"},"content":{"rendered":"<p>El divendres passat va tenir lloc un esdeveniment anual de gran import\u00e0ncia com \u00e9s la PRESENTACI\u00d3 DE LA CAMPANYA DE NADAL 2022\/2023 a Vic. En total, van assistir m\u00e9s de 100 persones de l&#8217;equip comercial i altres departaments de Ferrer.<\/p>\n<p>El nostre responsable de compres i de venda tradicional van presentar una extensa gamma d&#8217;articles congelats i refrigerats ideals per aquest Nadal aix\u00ed com les <strong><a href=\"https:\/\/compraonline.fferrer.es\/ca\/destacados\" target=\"_blank\" rel=\"noopener noreferrer\">novetats<\/a><\/strong>\u00a0d&#8217;aquest any: tonyina vermella, gamba de la costa, carn de llam\u00e0ntol, llagosta vermella, ortiguillas de mar, crema de llam\u00e0ntol o pop d&#8217;elaboraci\u00f3 pr\u00f2pia entre molts altres.<\/p>\n<p>A m\u00e9s d&#8217;assistir a la presentaci\u00f3, l&#8217;equip va poder, a posteriori, veure i degustar una selecci\u00f3 de diverses de les <strong><a href=\"https:\/\/compraonline.fferrer.es\/ca\/destacados\" target=\"_blank\" rel=\"noopener noreferrer\">novetats<\/a><\/strong>, preparats pels xefs del restaurant <strong><a href=\"https:\/\/www.instagram.com\/vicfood_cat\/\" target=\"_blank\" rel=\"noopener noreferrer\">Vicfood<\/a><\/strong>\u00a0i per un sushiman de <a href=\"https:\/\/balfego.com\/\" target=\"_blank\" rel=\"noopener noreferrer\">Balfeg\u00f3<\/a>.<\/p>\n<p>A continuaci\u00f3, pots descarregar-te el Cat\u00e0leg de Nadal 2022 <strong><a href=\"https:\/\/fferrer.com\/wp-content\/uploads\/2022\/11\/fferrer_catalolgo_navidad_2223.pdf\" target=\"_blank\" rel=\"noopener noreferrer\">aqu\u00ed<\/a><\/strong>\u00a0i accedir a les <strong><a href=\"https:\/\/compraonline.fferrer.es\/ca\/destacados\" target=\"_blank\" rel=\"noopener noreferrer\">novetats<\/a><\/strong>\u00a0d&#8217;aquest any<\/p>\n<p>Feli\u00e7 campanya de Nadal!<\/p>\n","protected":false},"excerpt":{"rendered":"<p>El divendres passat va tenir lloc un esdeveniment anual de gran import\u00e0ncia com \u00e9s la PRESENTACI\u00d3 DE LA CAMPANYA DE NADAL 2022\/2023 a Vic. En total, van assistir m\u00e9s de 100 persones de l&#8217;equip comercial i altres departaments de Ferrer. El nostre responsable de compres i de venda tradicional van presentar una extensa gamma d&#8217;articles [&hellip;]<\/p>\n","protected":false},"author":3,"featured_media":2726,"comment_status":"closed","ping_status":"closed","sticky":false,"template":"","format":"standard","meta":{"_monsterinsights_skip_tracking":false,"_monsterinsights_sitenote_active":false,"_monsterinsights_sitenote_note":"","_monsterinsights_sitenote_category":0,"footnotes":""},"categories":[42],"tags":[],"class_list":["post-2369","post","type-post","status-publish","format-standard","has-post-thumbnail","hentry","category-noticies"],"aioseo_notices":[],"_links":{"self":[{"href":"https:\/\/fferrer.com\/ca\/wp-json\/wp\/v2\/posts\/2369","targetHints":{"allow":["GET"]}}],"collection":[{"href":"https:\/\/fferrer.com\/ca\/wp-json\/wp\/v2\/posts"}],"about":[{"href":"https:\/\/fferrer.com\/ca\/wp-json\/wp\/v2\/types\/post"}],"author":[{"embeddable":true,"href":"https:\/\/fferrer.com\/ca\/wp-json\/wp\/v2\/users\/3"}],"replies":[{"embeddable":true,"href":"https:\/\/fferrer.com\/ca\/wp-json\/wp\/v2\/comments?post=2369"}],"version-history":[{"count":1,"href":"https:\/\/fferrer.com\/ca\/wp-json\/wp\/v2\/posts\/2369\/revisions"}],"predecessor-version":[{"id":2730,"href":"https:\/\/fferrer.com\/ca\/wp-json\/wp\/v2\/posts\/2369\/revisions\/2730"}],"wp:featuredmedia":[{"embeddable":true,"href":"https:\/\/fferrer.com\/ca\/wp-json\/wp\/v2\/media\/2726"}],"wp:attachment":[{"href":"https:\/\/fferrer.com\/ca\/wp-json\/wp\/v2\/media?parent=2369"}],"wp:term":[{"taxonomy":"category","embeddable":true,"href":"https:\/\/fferrer.com\/ca\/wp-json\/wp\/v2\/categories?post=2369"},{"taxonomy":"post_tag","embeddable":true,"href":"https:\/\/fferrer.com\/ca\/wp-json\/wp\/v2\/tags?post=2369"}],"curies":[{"name":"wp","href":"https:\/\/api.w.org\/{rel}","templated":true}]}}