{"id":2225,"date":"2016-04-28T11:46:42","date_gmt":"2016-04-28T09:46:42","guid":{"rendered":"https:\/\/fferrer.com\/2016\/04\/28\/ferrer-present-a-la-fira-alimentaria-2016\/"},"modified":"2023-12-19T14:24:29","modified_gmt":"2023-12-19T13:24:29","slug":"ferrer-present-a-la-fira-alimentaria-2016","status":"publish","type":"post","link":"https:\/\/fferrer.com\/ca\/2016\/04\/28\/ferrer-present-a-la-fira-alimentaria-2016\/","title":{"rendered":"Ferrer present a la Fira Aliment\u00e0ria 2016"},"content":{"rendered":"<p>Frigor\u00edfics Ferrer va assistir una edici\u00f3 m\u00e9s a la Fira Aliment\u00e0ria de Barcelona (Sal\u00f3 Internacional d&#8217;Alimentaci\u00f3 i Begudes).<\/p>\n<p><!--more--><\/p>\n<p>La 40a edici\u00f3, celebrada al recinte de Fira Gran Via de Barcelona va ser un any m\u00e9s un \u00e8xit amb un total de 140.000 visitants, amb la pres\u00e8ncia de prop 4.000 empreses expositores procedents de 78 pa\u00efsos.<\/p>\n<p>Per a Ferrer aquesta fira \u00e9s una inversi\u00f3 important no nom\u00e9s per les m\u00faltiples oportunitats de negoci que presenta, si no per estar al corrent de totes les novetats i per mantenir sanes les relacions amb prove\u00efdors, clients i empreses del sector.<\/p>\n<p>Aix\u00ed mateix, l\u2019expansi\u00f3 internacional de Ferrer ha fet que tamb\u00e9 sigui un punt de trobada amb els clients m\u00e9s llunyans com representants d&#8217;It\u00e0lia, Hong Kong, etc.<\/p>\n<p>Volem agrair a tots els clients i visitants que ens vau acompanyar les mostres de confian\u00e7a rebudes. Fins a la propera!<\/p>\n","protected":false},"excerpt":{"rendered":"<p>Frigor\u00edfics Ferrer va assistir una edici\u00f3 m\u00e9s a la Fira Aliment\u00e0ria de Barcelona (Sal\u00f3 Internacional d&#8217;Alimentaci\u00f3 i Begudes).<\/p>\n","protected":false},"author":2,"featured_media":0,"comment_status":"closed","ping_status":"","sticky":false,"template":"","format":"standard","meta":{"_monsterinsights_skip_tracking":false,"_monsterinsights_sitenote_active":false,"_monsterinsights_sitenote_note":"","_monsterinsights_sitenote_category":0,"footnotes":""},"categories":[42],"tags":[],"class_list":["post-2225","post","type-post","status-publish","format-standard","hentry","category-noticies"],"aioseo_notices":[],"_links":{"self":[{"href":"https:\/\/fferrer.com\/ca\/wp-json\/wp\/v2\/posts\/2225","targetHints":{"allow":["GET"]}}],"collection":[{"href":"https:\/\/fferrer.com\/ca\/wp-json\/wp\/v2\/posts"}],"about":[{"href":"https:\/\/fferrer.com\/ca\/wp-json\/wp\/v2\/types\/post"}],"author":[{"embeddable":true,"href":"https:\/\/fferrer.com\/ca\/wp-json\/wp\/v2\/users\/2"}],"replies":[{"embeddable":true,"href":"https:\/\/fferrer.com\/ca\/wp-json\/wp\/v2\/comments?post=2225"}],"version-history":[{"count":1,"href":"https:\/\/fferrer.com\/ca\/wp-json\/wp\/v2\/posts\/2225\/revisions"}],"predecessor-version":[{"id":2340,"href":"https:\/\/fferrer.com\/ca\/wp-json\/wp\/v2\/posts\/2225\/revisions\/2340"}],"wp:attachment":[{"href":"https:\/\/fferrer.com\/ca\/wp-json\/wp\/v2\/media?parent=2225"}],"wp:term":[{"taxonomy":"category","embeddable":true,"href":"https:\/\/fferrer.com\/ca\/wp-json\/wp\/v2\/categories?post=2225"},{"taxonomy":"post_tag","embeddable":true,"href":"https:\/\/fferrer.com\/ca\/wp-json\/wp\/v2\/tags?post=2225"}],"curies":[{"name":"wp","href":"https:\/\/api.w.org\/{rel}","templated":true}]}}